{"id":7631,"date":"2024-10-06T13:37:03","date_gmt":"2024-10-06T11:37:03","guid":{"rendered":"https:\/\/www.cabinetleon.com\/?p=7631"},"modified":"2024-10-16T14:04:15","modified_gmt":"2024-10-16T12:04:15","slug":"mise-a-jour-catalogue-formations-2024","status":"publish","type":"post","link":"https:\/\/www.cabinetleon.com\/fr\/mise-a-jour-catalogue-formations-2024\/","title":{"rendered":"Nouvelle formation 2024 : La Fresque de la Logistique"},"content":{"rendered":"<h3>La Fresque <strong>de la Logistique<\/strong><\/h3>\n<p>La\u00a0<strong>Fresque de la Logistique<\/strong>\u00a0est un atelier ludique et p\u00e9dagogique cr\u00e9\u00e9 :<\/p>\n<ul>\n<li>Par le Club D\u00e9m\u00e9ter sous l\u2019impulsion de ses membres et s\u2019inspirant de la Fresque du Climat ;<\/li>\n<li>Pour sensibiliser aux cons\u00e9quences environnementales de la cha\u00eene logistique, dans le but d\u2019embarquer massivement les collaborateurs dans la transition.<\/li>\n<\/ul>\n<p>La formation varie les temps p\u00e9dagogiques et interactifs, et est \u00e0 la fois ax\u00e9 sur une approche de bien-\u00eatre des participants et sur l\u2019identification d\u2019actions concr\u00e8tes \u00e0 conduire sur le terrain.<\/p>\n<h3><a href=\"https:\/\/www.cabinetleon.com\/fr\/fr\/formation-fresque-de-la-logistique\/\" target=\"_blank\" rel=\"noopener\">En savoir + sur la formation<\/a><br \/>\n<a href=\"https:\/\/www.cabinetleon.com\/fr\/nos-formations\/\" target=\"_blank\" rel=\"noopener\">Consultez toutes nos formations!<\/a><\/h3>\n","protected":false},"excerpt":{"rendered":"<p>La Fresque de la Logistique La\u00a0Fresque de la Logistique\u00a0est un atelier ludique et p\u00e9dagogique cr\u00e9\u00e9 : Par le Club D\u00e9m\u00e9ter sous l\u2019impulsion de ses membres et s\u2019inspirant de la Fresque du Climat ; Pour sensibiliser aux cons\u00e9quences environnementales de la cha\u00eene logistique, dans le but d\u2019embarquer massivement les collaborateurs dans la transition. La formation varie [&hellip;]<\/p>\n","protected":false},"author":1,"featured_media":7142,"comment_status":"closed","ping_status":"closed","sticky":false,"template":"","format":"standard","meta":[],"categories":[1,208],"tags":[79,80,247,81,83,84,174,89,93,95,111,108,97,211,98],"yoast_head":"<!-- This site is optimized with the Yoast SEO plugin v19.6 - https:\/\/yoast.com\/wordpress\/plugins\/seo\/ -->\n<title>Nouvelle formation 2024 : La Fresque de la Logistique - LEON<\/title>\n<meta name=\"robots\" content=\"index, follow, max-snippet:-1, max-image-preview:large, max-video-preview:-1\" \/>\n<link rel=\"canonical\" href=\"https:\/\/www.cabinetleon.com\/fr\/mise-a-jour-catalogue-formations-2024\/\" \/>\n<meta property=\"og:locale\" content=\"fr_FR\" \/>\n<meta property=\"og:type\" content=\"article\" \/>\n<meta property=\"og:title\" content=\"Nouvelle formation 2024 : La Fresque de la Logistique - LEON\" \/>\n<meta property=\"og:description\" content=\"La Fresque de la Logistique La\u00a0Fresque de la Logistique\u00a0est un atelier ludique et p\u00e9dagogique cr\u00e9\u00e9 : Par le Club D\u00e9m\u00e9ter sous l\u2019impulsion de ses membres et s\u2019inspirant de la Fresque du Climat ; Pour sensibiliser aux cons\u00e9quences environnementales de la cha\u00eene logistique, dans le but d\u2019embarquer massivement les collaborateurs dans la transition. La formation varie [&hellip;]\" \/>\n<meta property=\"og:url\" content=\"https:\/\/www.cabinetleon.com\/fr\/mise-a-jour-catalogue-formations-2024\/\" \/>\n<meta property=\"og:site_name\" content=\"LEON\" \/>\n<meta property=\"article:published_time\" content=\"2024-10-06T11:37:03+00:00\" \/>\n<meta property=\"article:modified_time\" content=\"2024-10-16T12:04:15+00:00\" \/>\n<meta property=\"og:image\" content=\"https:\/\/www.cabinetleon.com\/wp-content\/uploads\/2023\/06\/Capture_decran_2023-06-03_121843-transformed.jpeg\" \/>\n\t<meta property=\"og:image:width\" content=\"1095\" \/>\n\t<meta property=\"og:image:height\" content=\"373\" \/>\n\t<meta property=\"og:image:type\" content=\"image\/jpeg\" \/>\n<meta name=\"author\" content=\"LEON\" \/>\n<meta name=\"twitter:card\" content=\"summary_large_image\" \/>\n<meta name=\"twitter:label1\" content=\"\u00c9crit par\" \/>\n\t<meta name=\"twitter:data1\" content=\"LEON\" \/>\n\t<meta name=\"twitter:label2\" content=\"Dur\u00e9e de lecture estim\u00e9e\" \/>\n\t<meta name=\"twitter:data2\" content=\"1 minute\" \/>\n<script type=\"application\/ld+json\" class=\"yoast-schema-graph\">{\"@context\":\"https:\/\/schema.org\",\"@graph\":[{\"@type\":\"Article\",\"@id\":\"https:\/\/www.cabinetleon.com\/fr\/mise-a-jour-catalogue-formations-2024\/#article\",\"isPartOf\":{\"@id\":\"https:\/\/www.cabinetleon.com\/fr\/mise-a-jour-catalogue-formations-2024\/\"},\"author\":{\"name\":\"LEON\",\"@id\":\"https:\/\/www.cabinetleon.com\/#\/schema\/person\/cde764fe2d6102fce816cf1bd1e7d652\"},\"headline\":\"Nouvelle formation 2024 : La Fresque de la Logistique\",\"datePublished\":\"2024-10-06T11:37:03+00:00\",\"dateModified\":\"2024-10-16T12:04:15+00:00\",\"mainEntityOfPage\":{\"@id\":\"https:\/\/www.cabinetleon.com\/fr\/mise-a-jour-catalogue-formations-2024\/\"},\"wordCount\":110,\"publisher\":{\"@id\":\"https:\/\/www.cabinetleon.com\/#organization\"},\"keywords\":[\"Cabinet conseil logistique\",\"Cabinet conseil Supply Chain\",\"Cabinet LEON\",\"Conception de r\u00e9seau\",\"Consultant logistique\",\"Consultant Supply Chain\",\"Formations\",\"Logistique\",\"Omnicanal\",\"Planification\",\"Processus supply chain\",\"S&amp;OP\",\"Supply Chain\",\"Supply Chain Village\",\"Transport\"],\"articleSection\":[\"Actualit\u00e9s\",\"Formations\"],\"inLanguage\":\"fr-FR\"},{\"@type\":\"WebPage\",\"@id\":\"https:\/\/www.cabinetleon.com\/fr\/mise-a-jour-catalogue-formations-2024\/\",\"url\":\"https:\/\/www.cabinetleon.com\/fr\/mise-a-jour-catalogue-formations-2024\/\",\"name\":\"Nouvelle formation 2024 : La Fresque de la Logistique - LEON\",\"isPartOf\":{\"@id\":\"https:\/\/www.cabinetleon.com\/#website\"},\"datePublished\":\"2024-10-06T11:37:03+00:00\",\"dateModified\":\"2024-10-16T12:04:15+00:00\",\"breadcrumb\":{\"@id\":\"https:\/\/www.cabinetleon.com\/fr\/mise-a-jour-catalogue-formations-2024\/#breadcrumb\"},\"inLanguage\":\"fr-FR\",\"potentialAction\":[{\"@type\":\"ReadAction\",\"target\":[\"https:\/\/www.cabinetleon.com\/fr\/mise-a-jour-catalogue-formations-2024\/\"]}]},{\"@type\":\"BreadcrumbList\",\"@id\":\"https:\/\/www.cabinetleon.com\/fr\/mise-a-jour-catalogue-formations-2024\/#breadcrumb\",\"itemListElement\":[{\"@type\":\"ListItem\",\"position\":1,\"name\":\"Nouvelle formation 2024 : La Fresque de la Logistique\"}]},{\"@type\":\"WebSite\",\"@id\":\"https:\/\/www.cabinetleon.com\/#website\",\"url\":\"https:\/\/www.cabinetleon.com\/\",\"name\":\"LEON\",\"description\":\"Cabinet De Conseil En Supply Chain, 75009 Paris\",\"publisher\":{\"@id\":\"https:\/\/www.cabinetleon.com\/#organization\"},\"potentialAction\":[{\"@type\":\"SearchAction\",\"target\":{\"@type\":\"EntryPoint\",\"urlTemplate\":\"https:\/\/www.cabinetleon.com\/?s={search_term_string}\"},\"query-input\":\"required name=search_term_string\"}],\"inLanguage\":\"fr-FR\"},{\"@type\":\"Organization\",\"@id\":\"https:\/\/www.cabinetleon.com\/#organization\",\"name\":\"LEON\",\"url\":\"https:\/\/www.cabinetleon.com\/\",\"sameAs\":[\"https:\/\/www.linkedin.com\/in\/pierrefournet\/?originalSubdomain=fr\",\"https:\/\/www.youtube.com\/channel\/UCppJjmJy2cNd5Bz5mx7vjCw\"],\"logo\":{\"@type\":\"ImageObject\",\"inLanguage\":\"fr-FR\",\"@id\":\"https:\/\/www.cabinetleon.com\/#\/schema\/logo\/image\/\",\"url\":\"https:\/\/www.cabinetleon.com\/wp-content\/uploads\/2022\/04\/intro2.jpg\",\"contentUrl\":\"https:\/\/www.cabinetleon.com\/wp-content\/uploads\/2022\/04\/intro2.jpg\",\"width\":1884,\"height\":885,\"caption\":\"LEON\"},\"image\":{\"@id\":\"https:\/\/www.cabinetleon.com\/#\/schema\/logo\/image\/\"}},{\"@type\":\"Person\",\"@id\":\"https:\/\/www.cabinetleon.com\/#\/schema\/person\/cde764fe2d6102fce816cf1bd1e7d652\",\"name\":\"LEON\",\"image\":{\"@type\":\"ImageObject\",\"inLanguage\":\"fr-FR\",\"@id\":\"https:\/\/www.cabinetleon.com\/#\/schema\/person\/image\/\",\"url\":\"https:\/\/secure.gravatar.com\/avatar\/cff0806ef2d9d51311262cdc906fe58e?s=96&d=mm&r=g\",\"contentUrl\":\"https:\/\/secure.gravatar.com\/avatar\/cff0806ef2d9d51311262cdc906fe58e?s=96&d=mm&r=g\",\"caption\":\"LEON\"},\"sameAs\":[\"http:\/\/www.cabinetleon.com\"],\"url\":\"https:\/\/www.cabinetleon.com\/fr\/author\/leon\/\"}]}<\/script>\n<!-- \/ Yoast SEO plugin. -->","yoast_head_json":{"title":"Nouvelle formation 2024 : La Fresque de la Logistique - LEON","robots":{"index":"index","follow":"follow","max-snippet":"max-snippet:-1","max-image-preview":"max-image-preview:large","max-video-preview":"max-video-preview:-1"},"canonical":"https:\/\/www.cabinetleon.com\/fr\/mise-a-jour-catalogue-formations-2024\/","og_locale":"fr_FR","og_type":"article","og_title":"Nouvelle formation 2024 : La Fresque de la Logistique - LEON","og_description":"La Fresque de la Logistique La\u00a0Fresque de la Logistique\u00a0est un atelier ludique et p\u00e9dagogique cr\u00e9\u00e9 : Par le Club D\u00e9m\u00e9ter sous l\u2019impulsion de ses membres et s\u2019inspirant de la Fresque du Climat ; Pour sensibiliser aux cons\u00e9quences environnementales de la cha\u00eene logistique, dans le but d\u2019embarquer massivement les collaborateurs dans la transition. La formation varie [&hellip;]","og_url":"https:\/\/www.cabinetleon.com\/fr\/mise-a-jour-catalogue-formations-2024\/","og_site_name":"LEON","article_published_time":"2024-10-06T11:37:03+00:00","article_modified_time":"2024-10-16T12:04:15+00:00","og_image":[{"width":1095,"height":373,"url":"https:\/\/www.cabinetleon.com\/wp-content\/uploads\/2023\/06\/Capture_decran_2023-06-03_121843-transformed.jpeg","type":"image\/jpeg"}],"author":"LEON","twitter_card":"summary_large_image","twitter_misc":{"\u00c9crit par":"LEON","Dur\u00e9e de lecture estim\u00e9e":"1 minute"},"schema":{"@context":"https:\/\/schema.org","@graph":[{"@type":"Article","@id":"https:\/\/www.cabinetleon.com\/fr\/mise-a-jour-catalogue-formations-2024\/#article","isPartOf":{"@id":"https:\/\/www.cabinetleon.com\/fr\/mise-a-jour-catalogue-formations-2024\/"},"author":{"name":"LEON","@id":"https:\/\/www.cabinetleon.com\/#\/schema\/person\/cde764fe2d6102fce816cf1bd1e7d652"},"headline":"Nouvelle formation 2024 : La Fresque de la Logistique","datePublished":"2024-10-06T11:37:03+00:00","dateModified":"2024-10-16T12:04:15+00:00","mainEntityOfPage":{"@id":"https:\/\/www.cabinetleon.com\/fr\/mise-a-jour-catalogue-formations-2024\/"},"wordCount":110,"publisher":{"@id":"https:\/\/www.cabinetleon.com\/#organization"},"keywords":["Cabinet conseil logistique","Cabinet conseil Supply Chain","Cabinet LEON","Conception de r\u00e9seau","Consultant logistique","Consultant Supply Chain","Formations","Logistique","Omnicanal","Planification","Processus supply chain","S&amp;OP","Supply Chain","Supply Chain Village","Transport"],"articleSection":["Actualit\u00e9s","Formations"],"inLanguage":"fr-FR"},{"@type":"WebPage","@id":"https:\/\/www.cabinetleon.com\/fr\/mise-a-jour-catalogue-formations-2024\/","url":"https:\/\/www.cabinetleon.com\/fr\/mise-a-jour-catalogue-formations-2024\/","name":"Nouvelle formation 2024 : La Fresque de la Logistique - LEON","isPartOf":{"@id":"https:\/\/www.cabinetleon.com\/#website"},"datePublished":"2024-10-06T11:37:03+00:00","dateModified":"2024-10-16T12:04:15+00:00","breadcrumb":{"@id":"https:\/\/www.cabinetleon.com\/fr\/mise-a-jour-catalogue-formations-2024\/#breadcrumb"},"inLanguage":"fr-FR","potentialAction":[{"@type":"ReadAction","target":["https:\/\/www.cabinetleon.com\/fr\/mise-a-jour-catalogue-formations-2024\/"]}]},{"@type":"BreadcrumbList","@id":"https:\/\/www.cabinetleon.com\/fr\/mise-a-jour-catalogue-formations-2024\/#breadcrumb","itemListElement":[{"@type":"ListItem","position":1,"name":"Nouvelle formation 2024 : La Fresque de la Logistique"}]},{"@type":"WebSite","@id":"https:\/\/www.cabinetleon.com\/#website","url":"https:\/\/www.cabinetleon.com\/","name":"LEON","description":"Cabinet De Conseil En Supply Chain, 75009 Paris","publisher":{"@id":"https:\/\/www.cabinetleon.com\/#organization"},"potentialAction":[{"@type":"SearchAction","target":{"@type":"EntryPoint","urlTemplate":"https:\/\/www.cabinetleon.com\/?s={search_term_string}"},"query-input":"required name=search_term_string"}],"inLanguage":"fr-FR"},{"@type":"Organization","@id":"https:\/\/www.cabinetleon.com\/#organization","name":"LEON","url":"https:\/\/www.cabinetleon.com\/","sameAs":["https:\/\/www.linkedin.com\/in\/pierrefournet\/?originalSubdomain=fr","https:\/\/www.youtube.com\/channel\/UCppJjmJy2cNd5Bz5mx7vjCw"],"logo":{"@type":"ImageObject","inLanguage":"fr-FR","@id":"https:\/\/www.cabinetleon.com\/#\/schema\/logo\/image\/","url":"https:\/\/www.cabinetleon.com\/wp-content\/uploads\/2022\/04\/intro2.jpg","contentUrl":"https:\/\/www.cabinetleon.com\/wp-content\/uploads\/2022\/04\/intro2.jpg","width":1884,"height":885,"caption":"LEON"},"image":{"@id":"https:\/\/www.cabinetleon.com\/#\/schema\/logo\/image\/"}},{"@type":"Person","@id":"https:\/\/www.cabinetleon.com\/#\/schema\/person\/cde764fe2d6102fce816cf1bd1e7d652","name":"LEON","image":{"@type":"ImageObject","inLanguage":"fr-FR","@id":"https:\/\/www.cabinetleon.com\/#\/schema\/person\/image\/","url":"https:\/\/secure.gravatar.com\/avatar\/cff0806ef2d9d51311262cdc906fe58e?s=96&d=mm&r=g","contentUrl":"https:\/\/secure.gravatar.com\/avatar\/cff0806ef2d9d51311262cdc906fe58e?s=96&d=mm&r=g","caption":"LEON"},"sameAs":["http:\/\/www.cabinetleon.com"],"url":"https:\/\/www.cabinetleon.com\/fr\/author\/leon\/"}]}},"_links":{"self":[{"href":"https:\/\/www.cabinetleon.com\/fr\/wp-json\/wp\/v2\/posts\/7631"}],"collection":[{"href":"https:\/\/www.cabinetleon.com\/fr\/wp-json\/wp\/v2\/posts"}],"about":[{"href":"https:\/\/www.cabinetleon.com\/fr\/wp-json\/wp\/v2\/types\/post"}],"author":[{"embeddable":true,"href":"https:\/\/www.cabinetleon.com\/fr\/wp-json\/wp\/v2\/users\/1"}],"replies":[{"embeddable":true,"href":"https:\/\/www.cabinetleon.com\/fr\/wp-json\/wp\/v2\/comments?post=7631"}],"version-history":[{"count":6,"href":"https:\/\/www.cabinetleon.com\/fr\/wp-json\/wp\/v2\/posts\/7631\/revisions"}],"predecessor-version":[{"id":7696,"href":"https:\/\/www.cabinetleon.com\/fr\/wp-json\/wp\/v2\/posts\/7631\/revisions\/7696"}],"wp:featuredmedia":[{"embeddable":true,"href":"https:\/\/www.cabinetleon.com\/fr\/wp-json\/wp\/v2\/media\/7142"}],"wp:attachment":[{"href":"https:\/\/www.cabinetleon.com\/fr\/wp-json\/wp\/v2\/media?parent=7631"}],"wp:term":[{"taxonomy":"category","embeddable":true,"href":"https:\/\/www.cabinetleon.com\/fr\/wp-json\/wp\/v2\/categories?post=7631"},{"taxonomy":"post_tag","embeddable":true,"href":"https:\/\/www.cabinetleon.com\/fr\/wp-json\/wp\/v2\/tags?post=7631"}],"curies":[{"name":"wp","href":"https:\/\/api.w.org\/{rel}","templated":true}]}}